{"id":622,"date":"2019-01-23T12:27:13","date_gmt":"2019-01-23T12:27:13","guid":{"rendered":"http:\/\/blogversicherungsrecht.web.th-koeln.de\/?p=622"},"modified":"2019-01-23T12:27:13","modified_gmt":"2019-01-23T12:27:13","slug":"moot-court-in-der-vorlesung-zur-sachversicherung","status":"publish","type":"post","link":"https:\/\/ivwkoeln.web.th-koeln.de\/versicherungsrecht\/2019\/01\/23\/moot-court-in-der-vorlesung-zur-sachversicherung\/","title":{"rendered":"Moot Court in der Vorlesung zur Sachversicherung"},"content":{"rendered":"<p>Heute haben wir im Rahmen der Vorlesung zur Sachversicherung (im Bachelorstudiengang, 5. Semester) einen kleinen MootCourt durchgef\u00fchrt.<\/p>\n<p>Es ging um einen Fall aus der Kaskoversicherung. Der Versicherungsnehmer wurde vom \u201eGericht\u201c angeh\u00f6rt, anschlie\u00dfend erfolgte die Vernehmung zweier Zeugen durch die \u201eRichter\u201c und \u201eAnw\u00e4lte\u201c.<\/p>\n<p>Anschlie\u00dfend pl\u00e4dierten die beiden \u201eAnw\u00e4lte\u201c und das Gericht zog sich zur Beratung zur\u00fcck.<!--more--><\/p>\n<figure id=\"attachment_625\" aria-describedby=\"caption-attachment-625\" style=\"width: 290px\" class=\"wp-caption alignleft\"><img loading=\"lazy\" decoding=\"async\" class=\"wp-image-625 size-medium\" src=\"https:\/\/ivwkoeln.web.th-koeln.de\/versicherungsrecht\/wp-content\/uploads\/sites\/4\/2019\/01\/img_0635-300x177.jpg\" alt=\"\" width=\"300\" height=\"177\" srcset=\"https:\/\/ivwkoeln.web.th-koeln.de\/versicherungsrecht\/wp-content\/uploads\/sites\/4\/2019\/01\/img_0635-300x177.jpg 300w, https:\/\/ivwkoeln.web.th-koeln.de\/versicherungsrecht\/wp-content\/uploads\/sites\/4\/2019\/01\/img_0635-1024x603.jpg 1024w, https:\/\/ivwkoeln.web.th-koeln.de\/versicherungsrecht\/wp-content\/uploads\/sites\/4\/2019\/01\/img_0635-768x452.jpg 768w, https:\/\/ivwkoeln.web.th-koeln.de\/versicherungsrecht\/wp-content\/uploads\/sites\/4\/2019\/01\/img_0635-1536x904.jpg 1536w, https:\/\/ivwkoeln.web.th-koeln.de\/versicherungsrecht\/wp-content\/uploads\/sites\/4\/2019\/01\/img_0635-2048x1205.jpg 2048w\" sizes=\"auto, (max-width: 300px) 100vw, 300px\" \/><figcaption id=\"caption-attachment-625\" class=\"wp-caption-text\">links \u201eAnwalt\u201c VU, rechts VN und sein \u201eAnwalt\u201c VN, in der Mitte die Richter<\/figcaption><\/figure>\n<p>&nbsp;<\/p>\n<p>&nbsp;<\/p>\n<p>&nbsp;<\/p>\n<p>&nbsp;<\/p>\n<p>&nbsp;<\/p>\n<p>&nbsp;<\/p>\n<p>&nbsp;<\/p>\n<p>Die \u201eGerichts\u00f6ffentlichkeit\u201c im H\u00f6rsaal 283 durfte mittels des digitalen Responsesystem von &#8222;pingo&#8220; vor der Urteilsverk\u00fcndung abstimmen, wie sie entschieden h\u00e4tte:<\/p>\n<figure id=\"attachment_628\" aria-describedby=\"caption-attachment-628\" style=\"width: 630px\" class=\"wp-caption alignleft\"><img loading=\"lazy\" decoding=\"async\" class=\"wp-image-628 size-large\" src=\"https:\/\/ivwkoeln.web.th-koeln.de\/versicherungsrecht\/wp-content\/uploads\/sites\/4\/2019\/01\/img_0968-1-1024x478.jpg\" alt=\"\" width=\"640\" height=\"299\" srcset=\"https:\/\/ivwkoeln.web.th-koeln.de\/versicherungsrecht\/wp-content\/uploads\/sites\/4\/2019\/01\/img_0968-1-1024x478.jpg 1024w, https:\/\/ivwkoeln.web.th-koeln.de\/versicherungsrecht\/wp-content\/uploads\/sites\/4\/2019\/01\/img_0968-1-300x140.jpg 300w, https:\/\/ivwkoeln.web.th-koeln.de\/versicherungsrecht\/wp-content\/uploads\/sites\/4\/2019\/01\/img_0968-1-768x358.jpg 768w, https:\/\/ivwkoeln.web.th-koeln.de\/versicherungsrecht\/wp-content\/uploads\/sites\/4\/2019\/01\/img_0968-1.jpg 1515w\" sizes=\"auto, (max-width: 640px) 100vw, 640px\" \/><figcaption id=\"caption-attachment-628\" class=\"wp-caption-text\">so stimmten die Studenten nach der Beweisaufnahme ab.<\/figcaption><\/figure>\n<p>&nbsp;<\/p>\n<p>&nbsp;<\/p>\n<p>&nbsp;<\/p>\n<p>&nbsp;<\/p>\n<p>&nbsp;<\/p>\n<p>&nbsp;<\/p>\n<p>&nbsp;<\/p>\n<p>&nbsp;<\/p>\n<p>&nbsp;<\/p>\n<p>Hat richtig Spa\u00df gemacht. Die Studenten als Richter, Anw\u00e4lte, Zeugen und Versicherungsnehmer waren richtig richtig gut !<\/p>\n<figure id=\"attachment_626\" aria-describedby=\"caption-attachment-626\" style=\"width: 630px\" class=\"wp-caption alignleft\"><img loading=\"lazy\" decoding=\"async\" class=\"wp-image-626 size-large\" src=\"https:\/\/ivwkoeln.web.th-koeln.de\/versicherungsrecht\/wp-content\/uploads\/sites\/4\/2019\/01\/img_0637-1024x718.jpg\" alt=\"\" width=\"640\" height=\"449\" srcset=\"https:\/\/ivwkoeln.web.th-koeln.de\/versicherungsrecht\/wp-content\/uploads\/sites\/4\/2019\/01\/img_0637-1024x718.jpg 1024w, https:\/\/ivwkoeln.web.th-koeln.de\/versicherungsrecht\/wp-content\/uploads\/sites\/4\/2019\/01\/img_0637-300x210.jpg 300w, https:\/\/ivwkoeln.web.th-koeln.de\/versicherungsrecht\/wp-content\/uploads\/sites\/4\/2019\/01\/img_0637-768x538.jpg 768w, https:\/\/ivwkoeln.web.th-koeln.de\/versicherungsrecht\/wp-content\/uploads\/sites\/4\/2019\/01\/img_0637-1536x1077.jpg 1536w, https:\/\/ivwkoeln.web.th-koeln.de\/versicherungsrecht\/wp-content\/uploads\/sites\/4\/2019\/01\/img_0637-2048x1435.jpg 2048w\" sizes=\"auto, (max-width: 640px) 100vw, 640px\" \/><figcaption id=\"caption-attachment-626\" class=\"wp-caption-text\">\u201eRichter\u201c, \u201eAnw\u00e4lte\u201c, \u201eVN\u201c und die beiden \u201eZeugen\u201c<\/figcaption><\/figure>\n","protected":false},"excerpt":{"rendered":"<p>Heute haben wir im Rahmen der Vorlesung zur Sachversicherung (im Bachelorstudiengang, 5. Semester) einen kleinen MootCourt durchgef\u00fchrt. Es ging um einen Fall aus der Kaskoversicherung. Der Versicherungsnehmer wurde vom \u201eGericht\u201c angeh\u00f6rt, anschlie\u00dfend erfolgte die Vernehmung zweier Zeugen durch die \u201eRichter\u201c und \u201eAnw\u00e4lte\u201c. Anschlie\u00dfend pl\u00e4dierten die beiden \u201eAnw\u00e4lte\u201c und das Gericht zog sich zur Beratung zur\u00fcck.<\/p>\n","protected":false},"author":7,"featured_media":626,"comment_status":"open","ping_status":"open","sticky":false,"template":"","format":"standard","meta":{"footnotes":""},"categories":[7,8,13],"tags":[85,97,137],"class_list":["post-622","post","type-post","status-publish","format-standard","has-post-thumbnail","hentry","category-insurance-fraud","category-kaskoversicherung","category-sachversicherung","tag-kaskoversicherung","tag-moot-court","tag-versicherungsbetrug"],"_links":{"self":[{"href":"https:\/\/ivwkoeln.web.th-koeln.de\/versicherungsrecht\/wp-json\/wp\/v2\/posts\/622","targetHints":{"allow":["GET"]}}],"collection":[{"href":"https:\/\/ivwkoeln.web.th-koeln.de\/versicherungsrecht\/wp-json\/wp\/v2\/posts"}],"about":[{"href":"https:\/\/ivwkoeln.web.th-koeln.de\/versicherungsrecht\/wp-json\/wp\/v2\/types\/post"}],"author":[{"embeddable":true,"href":"https:\/\/ivwkoeln.web.th-koeln.de\/versicherungsrecht\/wp-json\/wp\/v2\/users\/7"}],"replies":[{"embeddable":true,"href":"https:\/\/ivwkoeln.web.th-koeln.de\/versicherungsrecht\/wp-json\/wp\/v2\/comments?post=622"}],"version-history":[{"count":0,"href":"https:\/\/ivwkoeln.web.th-koeln.de\/versicherungsrecht\/wp-json\/wp\/v2\/posts\/622\/revisions"}],"wp:featuredmedia":[{"embeddable":true,"href":"https:\/\/ivwkoeln.web.th-koeln.de\/versicherungsrecht\/wp-json\/wp\/v2\/media\/626"}],"wp:attachment":[{"href":"https:\/\/ivwkoeln.web.th-koeln.de\/versicherungsrecht\/wp-json\/wp\/v2\/media?parent=622"}],"wp:term":[{"taxonomy":"category","embeddable":true,"href":"https:\/\/ivwkoeln.web.th-koeln.de\/versicherungsrecht\/wp-json\/wp\/v2\/categories?post=622"},{"taxonomy":"post_tag","embeddable":true,"href":"https:\/\/ivwkoeln.web.th-koeln.de\/versicherungsrecht\/wp-json\/wp\/v2\/tags?post=622"}],"curies":[{"name":"wp","href":"https:\/\/api.w.org\/{rel}","templated":true}]}}