{"id":1292,"date":"2023-02-02T13:15:02","date_gmt":"2023-02-02T12:15:02","guid":{"rendered":"https:\/\/ivwkoeln.web.th-koeln.de\/versicherungsrecht\/2023\/02\/02\/podcast-wie-virtual-reality-die-arbeit-von-polizei-und-justiz-veraendert-mit-prof-heetkamp-erschienen\/"},"modified":"2023-02-02T13:15:04","modified_gmt":"2023-02-02T12:15:04","slug":"podcast-wie-virtual-reality-die-arbeit-von-polizei-und-justiz-veraendert-mit-prof-heetkamp-erschienen","status":"publish","type":"post","link":"https:\/\/ivwkoeln.web.th-koeln.de\/versicherungsrecht\/2023\/02\/02\/podcast-wie-virtual-reality-die-arbeit-von-polizei-und-justiz-veraendert-mit-prof-heetkamp-erschienen\/","title":{"rendered":"Podcast \u201eWie Virtual Reality die Arbeit von Polizei und Justiz ver\u00e4ndert\u201c mit Prof. Heetkamp erschienen"},"content":{"rendered":"\n<p>Der Einsatz von Virtual Reality-Brillen ist auch in der Justiz angekommen. Prof. Heetkamp hat sich in den vergangenen Monaten intensiv mit den Fragen eines m\u00f6glichen Einsatzes von VR vor Gericht besch\u00e4ftigt. Im Podcast \u201eNetzwelt\u201c des Hessischen Rundfunks erl\u00e4utert Prof. Heetkamp im Interview mit der Journalistin Juli Rutsch die Vor- und Nachteile eines VR-Einsatzes und gibt einen \u00dcberblick \u00fcber die bisherigen Eins\u00e4tze von VR vor deutschen Gerichten (der Podcast ist <a href=\"https:\/\/www.hr-inforadio.de\/podcast\/netzwelt\/wie-virtual-reality-die-arbeit-von-polizei-und-justiz-veraendert,podcast-episode-113610.html\">hier<\/a> abrufbar).<\/p>\n\n\n\n<p>Umfassende Ausarbeitungen von Prof. Heetkamp zum Einsatz von VR-Technologie im Zivilverfahren sind <a href=\"https:\/\/epb.bibl.th-koeln.de\/frontdoor\/index\/index\/docId\/2066\">hier<\/a> oder \u00fcber den im Bild befindlichen QR-Code abrufbar.<\/p>\n","protected":false},"excerpt":{"rendered":"<p>Der Einsatz von Virtual Reality-Brillen ist auch in der Justiz angekommen. Prof. Heetkamp hat sich in den vergangenen Monaten intensiv mit den Fragen eines m\u00f6glichen Einsatzes von VR vor Gericht besch\u00e4ftigt. Im Podcast \u201eNetzwelt\u201c des Hessischen Rundfunks erl\u00e4utert Prof. Heetkamp im Interview mit der Journalistin Juli Rutsch die Vor- und Nachteile eines VR-Einsatzes und gibt &#8230; <a title=\"Podcast \u201eWie Virtual Reality die Arbeit von Polizei und Justiz ver\u00e4ndert\u201c mit Prof. Heetkamp erschienen\" class=\"read-more\" href=\"https:\/\/ivwkoeln.web.th-koeln.de\/versicherungsrecht\/2023\/02\/02\/podcast-wie-virtual-reality-die-arbeit-von-polizei-und-justiz-veraendert-mit-prof-heetkamp-erschienen\/\" aria-label=\"Mehr Informationen \u00fcber Podcast \u201eWie Virtual Reality die Arbeit von Polizei und Justiz ver\u00e4ndert\u201c mit Prof. Heetkamp erschienen\">Weiterlesen &#8230;<\/a><\/p>\n","protected":false},"author":1,"featured_media":1293,"comment_status":"closed","ping_status":"closed","sticky":false,"template":"","format":"standard","meta":{"footnotes":""},"categories":[1,5],"tags":[203,199,200,202],"class_list":["post-1292","post","type-post","status-publish","format-standard","has-post-thumbnail","hentry","category-allgemein","category-digitalisierung","tag-digitale-vernetzung","tag-innovation","tag-ivwkoeln","tag-versicherung"],"_links":{"self":[{"href":"https:\/\/ivwkoeln.web.th-koeln.de\/versicherungsrecht\/wp-json\/wp\/v2\/posts\/1292","targetHints":{"allow":["GET"]}}],"collection":[{"href":"https:\/\/ivwkoeln.web.th-koeln.de\/versicherungsrecht\/wp-json\/wp\/v2\/posts"}],"about":[{"href":"https:\/\/ivwkoeln.web.th-koeln.de\/versicherungsrecht\/wp-json\/wp\/v2\/types\/post"}],"author":[{"embeddable":true,"href":"https:\/\/ivwkoeln.web.th-koeln.de\/versicherungsrecht\/wp-json\/wp\/v2\/users\/1"}],"replies":[{"embeddable":true,"href":"https:\/\/ivwkoeln.web.th-koeln.de\/versicherungsrecht\/wp-json\/wp\/v2\/comments?post=1292"}],"version-history":[{"count":0,"href":"https:\/\/ivwkoeln.web.th-koeln.de\/versicherungsrecht\/wp-json\/wp\/v2\/posts\/1292\/revisions"}],"wp:featuredmedia":[{"embeddable":true,"href":"https:\/\/ivwkoeln.web.th-koeln.de\/versicherungsrecht\/wp-json\/wp\/v2\/media\/1293"}],"wp:attachment":[{"href":"https:\/\/ivwkoeln.web.th-koeln.de\/versicherungsrecht\/wp-json\/wp\/v2\/media?parent=1292"}],"wp:term":[{"taxonomy":"category","embeddable":true,"href":"https:\/\/ivwkoeln.web.th-koeln.de\/versicherungsrecht\/wp-json\/wp\/v2\/categories?post=1292"},{"taxonomy":"post_tag","embeddable":true,"href":"https:\/\/ivwkoeln.web.th-koeln.de\/versicherungsrecht\/wp-json\/wp\/v2\/tags?post=1292"}],"curies":[{"name":"wp","href":"https:\/\/api.w.org\/{rel}","templated":true}]}}