{"id":1290,"date":"2023-01-26T13:07:48","date_gmt":"2023-01-26T12:07:48","guid":{"rendered":"https:\/\/ivwkoeln.web.th-koeln.de\/versicherungsrecht\/2023\/01\/26\/anhoerung-als-sachverstaendiger-im-rechtsausschuss-des-landtags-nrw\/"},"modified":"2023-01-26T13:07:50","modified_gmt":"2023-01-26T12:07:50","slug":"anhoerung-als-sachverstaendiger-im-rechtsausschuss-des-landtags-nrw","status":"publish","type":"post","link":"https:\/\/ivwkoeln.web.th-koeln.de\/versicherungsrecht\/2023\/01\/26\/anhoerung-als-sachverstaendiger-im-rechtsausschuss-des-landtags-nrw\/","title":{"rendered":"Anh\u00f6rung als Sachverst\u00e4ndiger im Rechtsausschuss des Landtags NRW"},"content":{"rendered":"\n<p>Prof. Simon Heetkamp wurde am 18.01.2023 im Rechtsausschuss des Landtags von Nordrhein-Westfalen als Sachverst\u00e4ndiger zum Thema \u201eDigitalisierungsprozesse: Einsatzm\u00f6glichkeiten und Grenzen f\u00fcr K\u00fcnstliche Intelligenz in der NRW-Justiz\u201c angeh\u00f6rt. Zuvor hatte er mit dem Richter am Landgericht Dr. Christian Schlicht (Landgericht K\u00f6ln) eine umfangreiche Stellungnahme als Antwort auf einen Fragenkatalog des Rechtsausschusses eingereicht. Diese Stellungnahme kann <a href=\"https:\/\/www.landtag.nrw.de\/portal\/WWW\/dokumentenarchiv\/Dokument\/MMST18-163.pdf\" target=\"_blank\" rel=\"noreferrer noopener\">hier<\/a> eingesehen werden. Als weitere Sachverst\u00e4ndige waren etwa die Pr\u00e4sidentin des OLG Celle, Frau Otte, und der Leiter der Zentral- und Ansprechstelle Cybercrime NRW, Herr Hartmann, geladen.<\/p>\n\n\n\n<p>Der Rechtsausschuss wird sich in den kommenden Jahren intensiv mit dem Thema KI in der Justiz besch\u00e4ftigen. Ein entsprechendes Symposium hatte im Mai 2022 an der TH K\u00f6ln unter Zusammenarbeit der K\u00f6lner Forschungsstelle f\u00fcr Medienrecht und dem Justizministerium NRW stattgefunden (weitere Informationen <a href=\"https:\/\/www.th-koeln.de\/hochschule\/kuenstliche-intelligenz-in-der-justiz---impulse-aus-nordrhein-westfalen_93813.php\" target=\"_blank\" rel=\"noreferrer noopener\">hier<\/a>).<\/p>\n\n\n\n<p>Prof. Heetkamp wird sich \u2013 neben KI-Einsatzm\u00f6glichkeiten in der Justiz \u2013 insbesondere mit den Auswirkungen der k\u00fcnftigen, europ\u00e4ischen KI-Verordnung auf die Versicherungsbranche auseinandersetzen.<\/p>\n","protected":false},"excerpt":{"rendered":"<p>Prof. Simon Heetkamp wurde am 18.01.2023 im Rechtsausschuss des Landtags von Nordrhein-Westfalen als Sachverst\u00e4ndiger zum Thema \u201eDigitalisierungsprozesse: Einsatzm\u00f6glichkeiten und Grenzen f\u00fcr K\u00fcnstliche Intelligenz in der NRW-Justiz\u201c angeh\u00f6rt. Zuvor hatte er mit dem Richter am Landgericht Dr. Christian Schlicht (Landgericht K\u00f6ln) eine umfangreiche Stellungnahme als Antwort auf einen Fragenkatalog des Rechtsausschusses eingereicht. Diese Stellungnahme kann hier &#8230; <a title=\"Anh\u00f6rung als Sachverst\u00e4ndiger im Rechtsausschuss des Landtags NRW\" class=\"read-more\" href=\"https:\/\/ivwkoeln.web.th-koeln.de\/versicherungsrecht\/2023\/01\/26\/anhoerung-als-sachverstaendiger-im-rechtsausschuss-des-landtags-nrw\/\" aria-label=\"Mehr Informationen \u00fcber Anh\u00f6rung als Sachverst\u00e4ndiger im Rechtsausschuss des Landtags NRW\">Weiterlesen &#8230;<\/a><\/p>\n","protected":false},"author":1,"featured_media":1291,"comment_status":"closed","ping_status":"closed","sticky":false,"template":"","format":"standard","meta":{"footnotes":""},"categories":[5,197,20,198],"tags":[199,200,201,202],"class_list":["post-1290","post","type-post","status-publish","format-standard","has-post-thumbnail","hentry","category-digitalisierung","category-digitalisierung-innovation","category-versicherungsrecht","category-wissenschaft","tag-innovation","tag-ivwkoeln","tag-risiken","tag-versicherung"],"_links":{"self":[{"href":"https:\/\/ivwkoeln.web.th-koeln.de\/versicherungsrecht\/wp-json\/wp\/v2\/posts\/1290","targetHints":{"allow":["GET"]}}],"collection":[{"href":"https:\/\/ivwkoeln.web.th-koeln.de\/versicherungsrecht\/wp-json\/wp\/v2\/posts"}],"about":[{"href":"https:\/\/ivwkoeln.web.th-koeln.de\/versicherungsrecht\/wp-json\/wp\/v2\/types\/post"}],"author":[{"embeddable":true,"href":"https:\/\/ivwkoeln.web.th-koeln.de\/versicherungsrecht\/wp-json\/wp\/v2\/users\/1"}],"replies":[{"embeddable":true,"href":"https:\/\/ivwkoeln.web.th-koeln.de\/versicherungsrecht\/wp-json\/wp\/v2\/comments?post=1290"}],"version-history":[{"count":0,"href":"https:\/\/ivwkoeln.web.th-koeln.de\/versicherungsrecht\/wp-json\/wp\/v2\/posts\/1290\/revisions"}],"wp:featuredmedia":[{"embeddable":true,"href":"https:\/\/ivwkoeln.web.th-koeln.de\/versicherungsrecht\/wp-json\/wp\/v2\/media\/1291"}],"wp:attachment":[{"href":"https:\/\/ivwkoeln.web.th-koeln.de\/versicherungsrecht\/wp-json\/wp\/v2\/media?parent=1290"}],"wp:term":[{"taxonomy":"category","embeddable":true,"href":"https:\/\/ivwkoeln.web.th-koeln.de\/versicherungsrecht\/wp-json\/wp\/v2\/categories?post=1290"},{"taxonomy":"post_tag","embeddable":true,"href":"https:\/\/ivwkoeln.web.th-koeln.de\/versicherungsrecht\/wp-json\/wp\/v2\/tags?post=1290"}],"curies":[{"name":"wp","href":"https:\/\/api.w.org\/{rel}","templated":true}]}}