{"id":2890,"date":"2023-04-28T12:30:00","date_gmt":"2023-04-28T10:30:00","guid":{"rendered":"https:\/\/ivwkoeln.web.th-koeln.de\/versicherungsmarkt\/?p=2890"},"modified":"2023-04-25T12:34:16","modified_gmt":"2023-04-25T10:34:16","slug":"neuerscheinung-buch-zu-big-data-in-der-mobilitaet","status":"publish","type":"post","link":"https:\/\/ivwkoeln.web.th-koeln.de\/versicherungsmarkt\/2023\/04\/28\/neuerscheinung-buch-zu-big-data-in-der-mobilitaet\/","title":{"rendered":"Neuerscheinung! Buch zu &#8222;Big Data in der Mobilit\u00e4t&#8220;"},"content":{"rendered":"\n<p>Die Mobilit\u00e4t in Deutschland steht im Umbruch. Dabei werden von Experten besonders die Potenziale der digitale Vernetzung im Verkehr hervorgehoben, um den Ruf nach Effizienz und Effektivit\u00e4t, Komfort und Klimaschutz gleicherma\u00dfen zu bedienen. Gemeinsam mit den Nadine Gatzert (Universit\u00e4t Erlangen-N\u00fcrnberg), Susanne Knorre (Hochschule Osnabr\u00fcck) sowie Fred Wagner und Theresa Jost (beide Universit\u00e4t Leipzig) hat Professor Horst M\u00fcller-Peters als Ergebnis umfassender Forschungsarbeiten ein Buch verfasst, das die Potenziale und Grenzen der Vernetzung im Personenverkehr aufzeigen soll.<br><br>Zum Inhalt: Zun\u00e4chst werden der Mobilit\u00e4tsmarkt mit seinen Akteuren sowie deren Interessen und oft paradoxen Verhaltensweisen vorgestellt sowie eine \u201eMobilit\u00e4ts-Datenkarte\u201c abgeleitet. Darauf aufbauend werden auf Basis mehrerer empirischer Studien, n\u00e4mlich einer qualitativ-psychologischen Nutzercommunity, einer Repr\u00e4sentativbefragung sowie Fokusrunden mit namhaften Experten, die Chancen und Risiken der Datenerhebung und deren Nutzung f\u00fcr neue Gesch\u00e4ftsmodelle und das Gemeinwohl analysiert. Daraus werden Nutzenpotenziale \u201ef\u00fcr die Welt von morgen\u201c abgeleitet und die notwendigen politischen und gesellschaftlichen Voraussetzungen skizziert. Ein Ausblick auf die Zukunft der Mobilit\u00e4t und Implikationen f\u00fcr betroffene Branchen \u2013 am Beispiel der Versicherungswirtschaft \u2013 runden das Buch ab.<br><br>Das Buch ist im Springer-Verlag erschienen und steht als Open-Access-Publikation zum freien Download zur Verf\u00fcgung, unter <a href=\"https:\/\/link.springer.com\/book\/10.1007\/978-3-658-40511-3\">https:\/\/link.springer.com\/book\/10.1007\/978-3-658-40511-3<\/a><br><\/p>\n","protected":false},"excerpt":{"rendered":"<p>Die Mobilit\u00e4t in Deutschland steht im Umbruch. Dabei werden von Experten besonders die Potenziale der digitale Vernetzung im Verkehr hervorgehoben, um den Ruf nach Effizienz und Effektivit\u00e4t, Komfort und Klimaschutz gleicherma\u00dfen zu bedienen. Gemeinsam mit den Nadine Gatzert (Universit\u00e4t Erlangen-N\u00fcrnberg), Susanne Knorre (Hochschule Osnabr\u00fcck) sowie Fred Wagner und Theresa Jost (beide Universit\u00e4t Leipzig) hat Professor &#8230; <a title=\"Neuerscheinung! Buch zu &#8222;Big Data in der Mobilit\u00e4t&#8220;\" class=\"read-more\" href=\"https:\/\/ivwkoeln.web.th-koeln.de\/versicherungsmarkt\/2023\/04\/28\/neuerscheinung-buch-zu-big-data-in-der-mobilitaet\/\" aria-label=\"Mehr Informationen \u00fcber Neuerscheinung! Buch zu &#8222;Big Data in der Mobilit\u00e4t&#8220;\">Weiterlesen &#8230;<\/a><\/p>\n","protected":false},"author":1,"featured_media":2891,"comment_status":"closed","ping_status":"closed","sticky":false,"template":"","format":"standard","meta":{"footnotes":""},"categories":[1,276,8,278,253],"tags":[68,96,99,172,175],"class_list":["post-2890","post","type-post","status-publish","format-standard","has-post-thumbnail","hentry","category-allgemein","category-digitalisierung","category-digitalisierung-innovation","category-sonstige","category-veroeffentlichungen","tag-digitale-vernetzung","tag-innovation","tag-ivwkoeln","tag-versicherung","tag-versicherungswirtschaft"],"_links":{"self":[{"href":"https:\/\/ivwkoeln.web.th-koeln.de\/versicherungsmarkt\/wp-json\/wp\/v2\/posts\/2890","targetHints":{"allow":["GET"]}}],"collection":[{"href":"https:\/\/ivwkoeln.web.th-koeln.de\/versicherungsmarkt\/wp-json\/wp\/v2\/posts"}],"about":[{"href":"https:\/\/ivwkoeln.web.th-koeln.de\/versicherungsmarkt\/wp-json\/wp\/v2\/types\/post"}],"author":[{"embeddable":true,"href":"https:\/\/ivwkoeln.web.th-koeln.de\/versicherungsmarkt\/wp-json\/wp\/v2\/users\/1"}],"replies":[{"embeddable":true,"href":"https:\/\/ivwkoeln.web.th-koeln.de\/versicherungsmarkt\/wp-json\/wp\/v2\/comments?post=2890"}],"version-history":[{"count":0,"href":"https:\/\/ivwkoeln.web.th-koeln.de\/versicherungsmarkt\/wp-json\/wp\/v2\/posts\/2890\/revisions"}],"wp:featuredmedia":[{"embeddable":true,"href":"https:\/\/ivwkoeln.web.th-koeln.de\/versicherungsmarkt\/wp-json\/wp\/v2\/media\/2891"}],"wp:attachment":[{"href":"https:\/\/ivwkoeln.web.th-koeln.de\/versicherungsmarkt\/wp-json\/wp\/v2\/media?parent=2890"}],"wp:term":[{"taxonomy":"category","embeddable":true,"href":"https:\/\/ivwkoeln.web.th-koeln.de\/versicherungsmarkt\/wp-json\/wp\/v2\/categories?post=2890"},{"taxonomy":"post_tag","embeddable":true,"href":"https:\/\/ivwkoeln.web.th-koeln.de\/versicherungsmarkt\/wp-json\/wp\/v2\/tags?post=2890"}],"curies":[{"name":"wp","href":"https:\/\/api.w.org\/{rel}","templated":true}]}}