{"id":2888,"date":"2023-04-25T11:13:30","date_gmt":"2023-04-25T09:13:30","guid":{"rendered":"https:\/\/ivwkoeln.web.th-koeln.de\/versicherungsmarkt\/2023\/04\/25\/inflation-krieg-klimawandel-co-das-ende-der-konsum-lust\/"},"modified":"2023-04-25T11:13:32","modified_gmt":"2023-04-25T09:13:32","slug":"inflation-krieg-klimawandel-co-das-ende-der-konsum-lust","status":"publish","type":"post","link":"https:\/\/ivwkoeln.web.th-koeln.de\/versicherungsmarkt\/2023\/04\/25\/inflation-krieg-klimawandel-co-das-ende-der-konsum-lust\/","title":{"rendered":"Inflation, Krieg, Klimawandel &amp; Co: Das Ende der (Konsum-)Lust?"},"content":{"rendered":"\n<p>Auch nach der Pandemie befindet sich Deutschland im Moduls multipler Krisen. Wie hat sich die Stimmung im Land ge\u00e4ndert? Und wie \u00e4ndern sich unser Lebensstil, das Konsum- und Sparverhalten? Sehen wir eine Wellenbewegung, oder stehen wir vor dauerhaften Umbr\u00fcchen? Und wie k\u00f6nnen Unternehmen darauf reagieren?<\/p>\n\n\n\n<p>Diese aktuellen Fragen diskutiert Professor Horst M\u00fcller-Peters gemeinsam mit namhaften Experten auf Basis sowohl quantitativer als auch quantitativer und (tiefen-)psychologischer Studien. Es nehmen teil: Stephan Gr\u00fcnewald (Gesch\u00e4ftsf\u00fchrer Rheingold Institut und Autor zahlreicher B\u00fccher zum Zustand der Nation), Dr. Orhan Kocyigit (Head of Research Germany, Harris Interactive \/ Toluna), Rolf B\u00fcrkl (Konsumerxperte und Senior Research Consultant, GfK) , sowie Dirk Ziems (Gesch\u00e4ftsf\u00fchrer, concept m research + consulting).<br><br>Wer Lust hat kann gerne reinschauen, die Teilnahme ist kostenlos: <a href=\"https:\/\/www.marktforschung.de\/succeet\/woche-der-marktforschung\/#modal571349\">https:\/\/www.marktforschung.de\/succeet\/woche-der-marktforschung\/#modal571349<\/a><\/p>\n","protected":false},"excerpt":{"rendered":"<p>Auch nach der Pandemie befindet sich Deutschland im Moduls multipler Krisen. Wie hat sich die Stimmung im Land ge\u00e4ndert? Und wie \u00e4ndern sich unser Lebensstil, das Konsum- und Sparverhalten? Sehen wir eine Wellenbewegung, oder stehen wir vor dauerhaften Umbr\u00fcchen? Und wie k\u00f6nnen Unternehmen darauf reagieren? Diese aktuellen Fragen diskutiert Professor Horst M\u00fcller-Peters gemeinsam mit namhaften &#8230; <a title=\"Inflation, Krieg, Klimawandel &amp; Co: Das Ende der (Konsum-)Lust?\" class=\"read-more\" href=\"https:\/\/ivwkoeln.web.th-koeln.de\/versicherungsmarkt\/2023\/04\/25\/inflation-krieg-klimawandel-co-das-ende-der-konsum-lust\/\" aria-label=\"Mehr Informationen \u00fcber Inflation, Krieg, Klimawandel &amp; Co: Das Ende der (Konsum-)Lust?\">Weiterlesen &#8230;<\/a><\/p>\n","protected":false},"author":1,"featured_media":2889,"comment_status":"closed","ping_status":"closed","sticky":false,"template":"","format":"standard","meta":{"footnotes":""},"categories":[1,278],"tags":[99,172],"class_list":["post-2888","post","type-post","status-publish","format-standard","has-post-thumbnail","hentry","category-allgemein","category-sonstige","tag-ivwkoeln","tag-versicherung"],"_links":{"self":[{"href":"https:\/\/ivwkoeln.web.th-koeln.de\/versicherungsmarkt\/wp-json\/wp\/v2\/posts\/2888","targetHints":{"allow":["GET"]}}],"collection":[{"href":"https:\/\/ivwkoeln.web.th-koeln.de\/versicherungsmarkt\/wp-json\/wp\/v2\/posts"}],"about":[{"href":"https:\/\/ivwkoeln.web.th-koeln.de\/versicherungsmarkt\/wp-json\/wp\/v2\/types\/post"}],"author":[{"embeddable":true,"href":"https:\/\/ivwkoeln.web.th-koeln.de\/versicherungsmarkt\/wp-json\/wp\/v2\/users\/1"}],"replies":[{"embeddable":true,"href":"https:\/\/ivwkoeln.web.th-koeln.de\/versicherungsmarkt\/wp-json\/wp\/v2\/comments?post=2888"}],"version-history":[{"count":0,"href":"https:\/\/ivwkoeln.web.th-koeln.de\/versicherungsmarkt\/wp-json\/wp\/v2\/posts\/2888\/revisions"}],"wp:featuredmedia":[{"embeddable":true,"href":"https:\/\/ivwkoeln.web.th-koeln.de\/versicherungsmarkt\/wp-json\/wp\/v2\/media\/2889"}],"wp:attachment":[{"href":"https:\/\/ivwkoeln.web.th-koeln.de\/versicherungsmarkt\/wp-json\/wp\/v2\/media?parent=2888"}],"wp:term":[{"taxonomy":"category","embeddable":true,"href":"https:\/\/ivwkoeln.web.th-koeln.de\/versicherungsmarkt\/wp-json\/wp\/v2\/categories?post=2888"},{"taxonomy":"post_tag","embeddable":true,"href":"https:\/\/ivwkoeln.web.th-koeln.de\/versicherungsmarkt\/wp-json\/wp\/v2\/tags?post=2888"}],"curies":[{"name":"wp","href":"https:\/\/api.w.org\/{rel}","templated":true}]}}