{"id":2850,"date":"2021-12-03T17:43:08","date_gmt":"2021-12-03T16:43:08","guid":{"rendered":"https:\/\/ivwkoeln.web.th-koeln.de\/versicherungsmarkt\/?p=2850"},"modified":"2021-12-06T12:53:18","modified_gmt":"2021-12-06T11:53:18","slug":"aus-tim-jannusch-wird-dr-tim-jannusch","status":"publish","type":"post","link":"https:\/\/ivwkoeln.web.th-koeln.de\/versicherungsmarkt\/2021\/12\/03\/aus-tim-jannusch-wird-dr-tim-jannusch\/","title":{"rendered":"Aus Tim Jannusch wird Dr. Tim Jannusch!"},"content":{"rendered":"\n<p>Im November 2021 hat Tim Jannusch erfolgreich seine Doktorarbeit an der University of Limerick, unserem Kooperationspartner in Irland, verteidigt und damit den Doktorgrad erworben. Seine Dissertation liefert einen substanziellen Beitrag, um die Unfallraten junger Fahrer zu senken. Sie ist daher nicht nur f\u00fcr die Wissenschaft, sondern auch f\u00fcr die Gesellschaft besonders interessant und relevant.<\/p>\n\n\n\n<p>Junge Fahrer geh\u00f6ren weltweit zu den am meisten gef\u00e4hrdeten Verkehrsteilnehmern. In Europa stellen Verletzungen im Stra\u00dfenverkehr die zweith\u00e4ufigste Todesursache f\u00fcr junge Leuten nach Selbstverletzungen dar (Eurostat 2018), weltweit sogar die h\u00e4ufigste (WHO 2019). Forscher und politische Entscheidungstr\u00e4ger bem\u00fchen sich daher seit einem halben Jahrhundert darum, junge Fahrer im Stra\u00dfenverkehr nachhaltig zu sch\u00fctzen. Auf Basis eines bemerkenswerten interdisziplin\u00e4ren Forschungsansatzes liefert Tim Jannuschs Doktorarbeit einen wertvollen Beitrag, um die Unfallraten junger Fahrer langfristig auf ein Niveau nahe Null zu senken.<\/p>\n\n\n\n<p>Tim Jannusch erforschte hierzu sehr anwendungsnah das riskante Fahrverhalten junger Leute in Deutschland. Dar\u00fcber hinaus befasste er sich mit ethischen Fragestellungen rund um die zentralen Themen von Privatsph\u00e4re und \u00dcberwachung, die eng mit der fortschreitenden Technologisierung unserer Gesellschaft verbunden sind.<\/p>\n\n\n\n<div class=\"wp-block-columns is-layout-flex wp-container-core-columns-is-layout-9d6595d7 wp-block-columns-is-layout-flex\">\n<div class=\"wp-block-column is-layout-flow wp-block-column-is-layout-flow\" style=\"flex-basis:100%\">\n<figure class=\"wp-block-image size-large\"><img loading=\"lazy\" decoding=\"async\" width=\"680\" height=\"1024\" src=\"https:\/\/ivwkoeln.web.th-koeln.de\/versicherungsmarkt\/wp-content\/uploads\/sites\/3\/2021\/12\/TimPhD-kl-kl-680x1024.jpg\" alt=\"Tim Jannusch mit Doktorhut nach seiner PhD-Verteidigung\" class=\"wp-image-2851\" srcset=\"https:\/\/ivwkoeln.web.th-koeln.de\/versicherungsmarkt\/wp-content\/uploads\/sites\/3\/2021\/12\/TimPhD-kl-kl-680x1024.jpg 680w, https:\/\/ivwkoeln.web.th-koeln.de\/versicherungsmarkt\/wp-content\/uploads\/sites\/3\/2021\/12\/TimPhD-kl-kl-199x300.jpg 199w, https:\/\/ivwkoeln.web.th-koeln.de\/versicherungsmarkt\/wp-content\/uploads\/sites\/3\/2021\/12\/TimPhD-kl-kl-768x1157.jpg 768w, https:\/\/ivwkoeln.web.th-koeln.de\/versicherungsmarkt\/wp-content\/uploads\/sites\/3\/2021\/12\/TimPhD-kl-kl-1019x1536.jpg 1019w, https:\/\/ivwkoeln.web.th-koeln.de\/versicherungsmarkt\/wp-content\/uploads\/sites\/3\/2021\/12\/TimPhD-kl-kl-1359x2048.jpg 1359w, https:\/\/ivwkoeln.web.th-koeln.de\/versicherungsmarkt\/wp-content\/uploads\/sites\/3\/2021\/12\/TimPhD-kl-kl-scaled.jpg 1699w\" sizes=\"auto, (max-width: 680px) 100vw, 680px\" \/><figcaption>Tim Jannusch nach seiner PhD-Verteidigung<\/figcaption><\/figure>\n<\/div>\n<\/div>\n\n\n\n<p>Das besondere Engagement und die M\u00fche, die Tim Jannusch in sein Promotionsprojekt investiert hat, haben sich bezahlt gemacht: Im Rahmen seiner Promotion ver\u00f6ffentlichte er vier Fachartikel in \u00e4u\u00dferst angesehenen internationalen Journalen und konnte seine Forschungsergebnisse auf acht Fachkonferenzen vorstellen. Er hat damit schon als junger Wissenschaftler sehr viel Anerkennung und Aufmerksamkeit gewonnen. Das ivwK\u00f6ln gratuliert sehr herzlich zu dieser bemerkenswerten Leistung!<\/p>\n\n\n\n<p>Tim Jannusch wurde auf Seiten des ivwK\u00f6ln von Prof. Dr. Michaele V\u00f6ller und auf Seiten der University of Limerick von Prof. Dr. Martin Mullins und Prof. Dr. Finbarr Murphy von der Emerging Risk Group (ERG) betreut. Die erfolgreiche Partnerschaft mit der Emerging Risk Group wird erfreulicherweise weitergef\u00fchrt. Derzeit arbeiten mit Juliane Ressel und Frank Cremer zwei weitere Doktoranden an ihren Promotionsprojekten, die in Kooperation mit der ERG durchgef\u00fchrt werden.<\/p>\n","protected":false},"excerpt":{"rendered":"<p>Im November 2021 hat Tim Jannusch erfolgreich seine Doktorarbeit an der University of Limerick, unserem Kooperationspartner in Irland, verteidigt und damit den Doktorgrad erworben. Seine Dissertation liefert einen substanziellen Beitrag, um die Unfallraten junger Fahrer zu senken. Sie ist daher nicht nur f\u00fcr die Wissenschaft, sondern auch f\u00fcr die Gesellschaft besonders interessant und relevant. Junge &#8230; <a title=\"Aus Tim Jannusch wird Dr. Tim Jannusch!\" class=\"read-more\" href=\"https:\/\/ivwkoeln.web.th-koeln.de\/versicherungsmarkt\/2021\/12\/03\/aus-tim-jannusch-wird-dr-tim-jannusch\/\" aria-label=\"Mehr Informationen \u00fcber Aus Tim Jannusch wird Dr. Tim Jannusch!\">Weiterlesen &#8230;<\/a><\/p>\n","protected":false},"author":48,"featured_media":2859,"comment_status":"closed","ping_status":"open","sticky":false,"template":"","format":"standard","meta":{"footnotes":""},"categories":[1],"tags":[250,80,251,249,275,274,141,144,248,173],"class_list":["post-2850","post","type-post","status-publish","format-standard","has-post-thumbnail","hentry","category-allgemein","tag-autofahren","tag-forschung","tag-handy","tag-kfz","tag-phd","tag-promotion","tag-risiken","tag-risikobereitschaft","tag-studie","tag-versicherungsmarkt"],"_links":{"self":[{"href":"https:\/\/ivwkoeln.web.th-koeln.de\/versicherungsmarkt\/wp-json\/wp\/v2\/posts\/2850","targetHints":{"allow":["GET"]}}],"collection":[{"href":"https:\/\/ivwkoeln.web.th-koeln.de\/versicherungsmarkt\/wp-json\/wp\/v2\/posts"}],"about":[{"href":"https:\/\/ivwkoeln.web.th-koeln.de\/versicherungsmarkt\/wp-json\/wp\/v2\/types\/post"}],"author":[{"embeddable":true,"href":"https:\/\/ivwkoeln.web.th-koeln.de\/versicherungsmarkt\/wp-json\/wp\/v2\/users\/48"}],"replies":[{"embeddable":true,"href":"https:\/\/ivwkoeln.web.th-koeln.de\/versicherungsmarkt\/wp-json\/wp\/v2\/comments?post=2850"}],"version-history":[{"count":3,"href":"https:\/\/ivwkoeln.web.th-koeln.de\/versicherungsmarkt\/wp-json\/wp\/v2\/posts\/2850\/revisions"}],"predecessor-version":[{"id":2860,"href":"https:\/\/ivwkoeln.web.th-koeln.de\/versicherungsmarkt\/wp-json\/wp\/v2\/posts\/2850\/revisions\/2860"}],"wp:featuredmedia":[{"embeddable":true,"href":"https:\/\/ivwkoeln.web.th-koeln.de\/versicherungsmarkt\/wp-json\/wp\/v2\/media\/2859"}],"wp:attachment":[{"href":"https:\/\/ivwkoeln.web.th-koeln.de\/versicherungsmarkt\/wp-json\/wp\/v2\/media?parent=2850"}],"wp:term":[{"taxonomy":"category","embeddable":true,"href":"https:\/\/ivwkoeln.web.th-koeln.de\/versicherungsmarkt\/wp-json\/wp\/v2\/categories?post=2850"},{"taxonomy":"post_tag","embeddable":true,"href":"https:\/\/ivwkoeln.web.th-koeln.de\/versicherungsmarkt\/wp-json\/wp\/v2\/tags?post=2850"}],"curies":[{"name":"wp","href":"https:\/\/api.w.org\/{rel}","templated":true}]}}