{"id":2558,"date":"2021-05-07T10:53:35","date_gmt":"2021-05-07T08:53:35","guid":{"rendered":"https:\/\/ivwkoeln.web.th-koeln.de\/versicherungsmarkt\/?p=2558"},"modified":"2021-05-07T10:53:36","modified_gmt":"2021-05-07T08:53:36","slug":"nominierung-fuer-den-transferpreis-fuer-pama-projektarbeiten-fuer-die-assekuranz-am-ivwkoeln","status":"publish","type":"post","link":"https:\/\/ivwkoeln.web.th-koeln.de\/versicherungsmarkt\/2021\/05\/07\/nominierung-fuer-den-transferpreis-fuer-pama-projektarbeiten-fuer-die-assekuranz-am-ivwkoeln\/","title":{"rendered":"Nominierung f\u00fcr den Transferpreis f\u00fcr PAM(A) \u2013 Projektarbeiten f\u00fcr die Assekuranz am ivwK\u00f6ln"},"content":{"rendered":"\n<p><strong>F\u00fcr ihr besonderes Engagement in der Verzahnung von Lehre, Forschung und Praxis in den Lehrmodulen PAM (ProjektArbeit Marketing) und PAMA (ProjektArbeit Master) wurden Prof. Dr. Michaele V\u00f6ller und Prof. Horst M\u00fcller-Peters f\u00fcr den Transferpreis 2021 nominiert.<\/strong><\/p>\n\n\n\n<p>Im Rahmen des wettbewerblichen Auswahlverfahrens f\u00fcr innovative Transferleistungen konnten die beiden Leiter der Forschungsstelle Versicherungsmarkt die extern besetzte Jury mit ihrer Bewerbung \u00fcberzeugen und wurden mit dem Projekt PAM(A) in den Kreis der Nominierten aufgenommen.<\/p>\n\n\n\n<p>Bei PAM(A) handelt es sich um ein wiederkehrendes Konzept f\u00fcr Projektarbeiten mit Praxispartnern aus der Versicherungswirtschaft, das sich \u2013 unter stetiger Weiterentwicklung \u2013 seit \u00fcber zehn Jahren am ivwK\u00f6ln etabliert hat. Passend zu dem aktuellen inhaltlichen Schwerpunkt \u201eDigitalisierung und Innovation\u201c bearbeiten die studentischen Projektteams derzeit Fragestellungen rund um den Einsatz moderner Technologien f\u00fcr ein Kundenportal, ein Bestandsf\u00fchrungssystem und zur Unterst\u00fctzung des Telefonservices. Seit 2004 konnten bereits \u00fcber 100 Einzelprojekte erfolgreich abgeschlossen werden \u2013 eine exemplarische \u00dcbersicht findet sich <a href=\"https:\/\/www.th-koeln.de\/wirtschafts-und-rechtswissenschaften\/fallstudien_18887.php\">hier<\/a>. Die Themen weisen stets einen deutlichen Bezug zur Versicherungsbranche auf und erfordern nicht nur Analysen, sondern auch die Entwicklung konkreter Konzepte oder Empfehlungen f\u00fcr das strategische oder operative Management. Somit k\u00f6nnen die Ergebnisse teils unver\u00e4ndert im Unternehmensalltag umgesetzt werden, teils liefern sie wertvolle Impulse, an die die Unternehmen ankn\u00fcpfen k\u00f6nnen.<\/p>\n\n\n\n<p>Der besondere Charme liegt im Dreiklang des PAM(A)-Ansatzes: Junge, begeisterungsf\u00e4hige, unvoreingenommene Studierende erarbeiten in einem projektorganisierten forschenden Lernansatz (Lehre) unter Einbezug der Forschungsstelle Versicherungsmarkt (Forschung) innovative L\u00f6sungsans\u00e4tze f\u00fcr konkrete aktuelle Problemstellungen aus der Assekuranz (Wissenstransfer).<\/p>\n\n\n\n<p>Die Nominierung f\u00fcr den diesj\u00e4hrigen Transferpreis ist ein toller Erfolg, die den wertschaffenden Beitrag von PAM(A) f\u00fcr das Forschungsprofil der TH K\u00f6ln sowie f\u00fcr die Vernetzung von Lehre, Forschung und Praxis unterstreicht.<\/p>\n\n\n\n<p>Eine vollst\u00e4ndige Auflistung der Nominierungen und Preistr\u00e4ger kann unter diesem <a href=\"https:\/\/www.th-koeln.de\/hochschule\/th-koeln-ehrt-forschende-fuer-herausragende-leistungen_81977.php\">Link<\/a> abgerufen werden.\u00a0<\/p>\n\n\n\n<figure class=\"wp-block-image size-large\"><img loading=\"lazy\" decoding=\"async\" width=\"1024\" height=\"319\" src=\"https:\/\/ivwkoeln.web.th-koeln.de\/versicherungsmarkt\/wp-content\/uploads\/sites\/3\/2021\/05\/Transferpreis-PAMA-1024x319.png\" alt=\"\" class=\"wp-image-2559\" srcset=\"https:\/\/ivwkoeln.web.th-koeln.de\/versicherungsmarkt\/wp-content\/uploads\/sites\/3\/2021\/05\/Transferpreis-PAMA-1024x319.png 1024w, https:\/\/ivwkoeln.web.th-koeln.de\/versicherungsmarkt\/wp-content\/uploads\/sites\/3\/2021\/05\/Transferpreis-PAMA-300x93.png 300w, https:\/\/ivwkoeln.web.th-koeln.de\/versicherungsmarkt\/wp-content\/uploads\/sites\/3\/2021\/05\/Transferpreis-PAMA-768x239.png 768w, https:\/\/ivwkoeln.web.th-koeln.de\/versicherungsmarkt\/wp-content\/uploads\/sites\/3\/2021\/05\/Transferpreis-PAMA-1536x478.png 1536w, https:\/\/ivwkoeln.web.th-koeln.de\/versicherungsmarkt\/wp-content\/uploads\/sites\/3\/2021\/05\/Transferpreis-PAMA.png 1597w\" sizes=\"auto, (max-width: 1024px) 100vw, 1024px\" \/><\/figure>\n","protected":false},"excerpt":{"rendered":"<p>F\u00fcr ihr besonderes Engagement in der Verzahnung von Lehre, Forschung und Praxis in den Lehrmodulen PAM (ProjektArbeit Marketing) und PAMA (ProjektArbeit Master) wurden Prof. Dr. Michaele V\u00f6ller und Prof. Horst M\u00fcller-Peters f\u00fcr den Transferpreis 2021 nominiert. Im Rahmen des wettbewerblichen Auswahlverfahrens f\u00fcr innovative Transferleistungen konnten die beiden Leiter der Forschungsstelle Versicherungsmarkt die extern besetzte Jury &#8230; <a title=\"Nominierung f\u00fcr den Transferpreis f\u00fcr PAM(A) \u2013 Projektarbeiten f\u00fcr die Assekuranz am ivwK\u00f6ln\" class=\"read-more\" href=\"https:\/\/ivwkoeln.web.th-koeln.de\/versicherungsmarkt\/2021\/05\/07\/nominierung-fuer-den-transferpreis-fuer-pama-projektarbeiten-fuer-die-assekuranz-am-ivwkoeln\/\" aria-label=\"Mehr Informationen \u00fcber Nominierung f\u00fcr den Transferpreis f\u00fcr PAM(A) \u2013 Projektarbeiten f\u00fcr die Assekuranz am ivwK\u00f6ln\">Weiterlesen &#8230;<\/a><\/p>\n","protected":false},"author":59,"featured_media":2560,"comment_status":"closed","ping_status":"open","sticky":false,"template":"","format":"standard","meta":{"footnotes":""},"categories":[1,8],"tags":[186,259,260],"class_list":["post-2558","post","type-post","status-publish","format-standard","has-post-thumbnail","hentry","category-allgemein","category-digitalisierung-innovation","tag-assekuranz","tag-projektarbeit","tag-transferpreis"],"_links":{"self":[{"href":"https:\/\/ivwkoeln.web.th-koeln.de\/versicherungsmarkt\/wp-json\/wp\/v2\/posts\/2558","targetHints":{"allow":["GET"]}}],"collection":[{"href":"https:\/\/ivwkoeln.web.th-koeln.de\/versicherungsmarkt\/wp-json\/wp\/v2\/posts"}],"about":[{"href":"https:\/\/ivwkoeln.web.th-koeln.de\/versicherungsmarkt\/wp-json\/wp\/v2\/types\/post"}],"author":[{"embeddable":true,"href":"https:\/\/ivwkoeln.web.th-koeln.de\/versicherungsmarkt\/wp-json\/wp\/v2\/users\/59"}],"replies":[{"embeddable":true,"href":"https:\/\/ivwkoeln.web.th-koeln.de\/versicherungsmarkt\/wp-json\/wp\/v2\/comments?post=2558"}],"version-history":[{"count":1,"href":"https:\/\/ivwkoeln.web.th-koeln.de\/versicherungsmarkt\/wp-json\/wp\/v2\/posts\/2558\/revisions"}],"predecessor-version":[{"id":2561,"href":"https:\/\/ivwkoeln.web.th-koeln.de\/versicherungsmarkt\/wp-json\/wp\/v2\/posts\/2558\/revisions\/2561"}],"wp:featuredmedia":[{"embeddable":true,"href":"https:\/\/ivwkoeln.web.th-koeln.de\/versicherungsmarkt\/wp-json\/wp\/v2\/media\/2560"}],"wp:attachment":[{"href":"https:\/\/ivwkoeln.web.th-koeln.de\/versicherungsmarkt\/wp-json\/wp\/v2\/media?parent=2558"}],"wp:term":[{"taxonomy":"category","embeddable":true,"href":"https:\/\/ivwkoeln.web.th-koeln.de\/versicherungsmarkt\/wp-json\/wp\/v2\/categories?post=2558"},{"taxonomy":"post_tag","embeddable":true,"href":"https:\/\/ivwkoeln.web.th-koeln.de\/versicherungsmarkt\/wp-json\/wp\/v2\/tags?post=2558"}],"curies":[{"name":"wp","href":"https:\/\/api.w.org\/{rel}","templated":true}]}}