{"id":2555,"date":"2021-04-28T09:09:47","date_gmt":"2021-04-28T07:09:47","guid":{"rendered":"https:\/\/ivwkoeln.web.th-koeln.de\/versicherungsmarkt\/2021\/04\/28\/risikobewertung-haengt-mit-praesenz-zusammen-35-jahre-tschernobyl\/"},"modified":"2021-04-28T09:09:48","modified_gmt":"2021-04-28T07:09:48","slug":"risikobewertung-haengt-mit-praesenz-zusammen-35-jahre-tschernobyl","status":"publish","type":"post","link":"https:\/\/ivwkoeln.web.th-koeln.de\/versicherungsmarkt\/2021\/04\/28\/risikobewertung-haengt-mit-praesenz-zusammen-35-jahre-tschernobyl\/","title":{"rendered":"Risikobewertung h\u00e4ngt mit Pr\u00e4senz zusammen &#8211; 35 Jahre Tschernobyl"},"content":{"rendered":"\n<p>Wenn wir Risiken bewerten, dann hat es oft damit zu tun, wie gut wir uns sie vorstellen k\u00f6nnen und wie unmittelbar und pr\u00e4sent sie f\u00fcr uns sind. Dies erkl\u00e4rt unser Kollege und Risikoforscher Prof. Horst M\u00fcller-Peters in der Sendung &#8222;Zeitzeichen&#8220; des WDR anl\u00e4sslich des 35. Jahrestages der Katastrophe von Tschernobyl. Grade Risiken, die weit von uns weg sind und daher eher abstrakt und schleichend wie z. B. L\u00e4rm und Abgase oder eben auch durch Atomkraft, geraten in den Hintergrund oder werden untersch\u00e4tz.<\/p>\n\n\n\n<p>Die Risikowahrnehmung von B\u00fcrgern und Verbrauchern weicht aufgrund von psychologischen Verzerrungseffekten deutlich von den realen Risiken ab. Zudem f\u00e4llt es den meisten Menschen schwer, in gro\u00dfen Zahlen sowie Wahrscheinlichkeiten zu denken. Was unser Kollege sonst noch zu Risikowahrnehmung zu sagen hat h\u00f6ren Sie <a rel=\"noreferrer noopener\" href=\"https:\/\/www1.wdr.de\/radio\/wdr5\/sendungen\/zeitzeichen\/zeitzeichen-tschernobyl-100.html\" data-type=\"URL\" data-id=\"https:\/\/www1.wdr.de\/radio\/wdr5\/sendungen\/zeitzeichen\/zeitzeichen-tschernobyl-100.html\" target=\"_blank\">hier.<\/a><\/p>\n","protected":false},"excerpt":{"rendered":"<p>Wenn wir Risiken bewerten, dann hat es oft damit zu tun, wie gut wir uns sie vorstellen k\u00f6nnen und wie unmittelbar und pr\u00e4sent sie f\u00fcr uns sind. Dies erkl\u00e4rt unser Kollege und Risikoforscher Prof. Horst M\u00fcller-Peters in der Sendung &#8222;Zeitzeichen&#8220; des WDR anl\u00e4sslich des 35. Jahrestages der Katastrophe von Tschernobyl. Grade Risiken, die weit von &#8230; <a title=\"Risikobewertung h\u00e4ngt mit Pr\u00e4senz zusammen &#8211; 35 Jahre Tschernobyl\" class=\"read-more\" href=\"https:\/\/ivwkoeln.web.th-koeln.de\/versicherungsmarkt\/2021\/04\/28\/risikobewertung-haengt-mit-praesenz-zusammen-35-jahre-tschernobyl\/\" aria-label=\"Mehr Informationen \u00fcber Risikobewertung h\u00e4ngt mit Pr\u00e4senz zusammen &#8211; 35 Jahre Tschernobyl\">Weiterlesen &#8230;<\/a><\/p>\n","protected":false},"author":1,"featured_media":2556,"comment_status":"closed","ping_status":"closed","sticky":false,"template":"","format":"standard","meta":{"footnotes":""},"categories":[252,2,253],"tags":[254,255,256,257,258],"class_list":["post-2555","post","type-post","status-publish","format-standard","has-post-thumbnail","hentry","category-risiko","category-uncategorized","category-veroeffentlichungen","tag-horst-mueller-peters","tag-risikobewertung","tag-risikoforscher","tag-risikoforschung","tag-risikowahrnehmung"],"_links":{"self":[{"href":"https:\/\/ivwkoeln.web.th-koeln.de\/versicherungsmarkt\/wp-json\/wp\/v2\/posts\/2555","targetHints":{"allow":["GET"]}}],"collection":[{"href":"https:\/\/ivwkoeln.web.th-koeln.de\/versicherungsmarkt\/wp-json\/wp\/v2\/posts"}],"about":[{"href":"https:\/\/ivwkoeln.web.th-koeln.de\/versicherungsmarkt\/wp-json\/wp\/v2\/types\/post"}],"author":[{"embeddable":true,"href":"https:\/\/ivwkoeln.web.th-koeln.de\/versicherungsmarkt\/wp-json\/wp\/v2\/users\/1"}],"replies":[{"embeddable":true,"href":"https:\/\/ivwkoeln.web.th-koeln.de\/versicherungsmarkt\/wp-json\/wp\/v2\/comments?post=2555"}],"version-history":[{"count":0,"href":"https:\/\/ivwkoeln.web.th-koeln.de\/versicherungsmarkt\/wp-json\/wp\/v2\/posts\/2555\/revisions"}],"wp:featuredmedia":[{"embeddable":true,"href":"https:\/\/ivwkoeln.web.th-koeln.de\/versicherungsmarkt\/wp-json\/wp\/v2\/media\/2556"}],"wp:attachment":[{"href":"https:\/\/ivwkoeln.web.th-koeln.de\/versicherungsmarkt\/wp-json\/wp\/v2\/media?parent=2555"}],"wp:term":[{"taxonomy":"category","embeddable":true,"href":"https:\/\/ivwkoeln.web.th-koeln.de\/versicherungsmarkt\/wp-json\/wp\/v2\/categories?post=2555"},{"taxonomy":"post_tag","embeddable":true,"href":"https:\/\/ivwkoeln.web.th-koeln.de\/versicherungsmarkt\/wp-json\/wp\/v2\/tags?post=2555"}],"curies":[{"name":"wp","href":"https:\/\/api.w.org\/{rel}","templated":true}]}}