{"id":2064,"date":"2020-11-05T10:27:50","date_gmt":"2020-11-05T09:27:50","guid":{"rendered":"https:\/\/ivwkoeln.web.th-koeln.de\/versicherungsmarkt\/?p=2064"},"modified":"2021-03-31T08:31:46","modified_gmt":"2021-03-31T06:31:46","slug":"lassen-sich-elektroautos-deutlich-guenstiger-versichern","status":"publish","type":"post","link":"https:\/\/ivwkoeln.web.th-koeln.de\/versicherungsmarkt\/2020\/11\/05\/lassen-sich-elektroautos-deutlich-guenstiger-versichern\/","title":{"rendered":"Lassen sich Elektroautos deutlich g\u00fcnstiger versichern?"},"content":{"rendered":"<p>&#8222;Die h\u00e4ufig batterieschonende Fahrweise korreliert in hohem Ma\u00dfe mit einem sicheren Fahrstil&#8220; &#8211; mit dieser und andern Antworten geht der Leiter der Forschungsstelle Versicherungsmarkt, Prof. Horst M\u00fcller-Peters, auf die ihm von Spiegel-Online gestellten Fragen nach der g\u00fcnstigeren Versicherbarkeit von Elektroautos im Vergleich zu Verbrennern ein. Das gesamte Interview findet sich <a href=\"https:\/\/www.spiegel.de\/auto\/kfz-versicherung-elektroautos-lassen-sich-deutlich-billiger-versichern-als-verbrenner-a-011ead08-e76e-41d7-a5d4-c7df0d9e02d6\">hier.<\/a><\/p>\n<p>&nbsp;<\/p>\n","protected":false},"excerpt":{"rendered":"<p>&#8222;Die h\u00e4ufig batterieschonende Fahrweise korreliert in hohem Ma\u00dfe mit einem sicheren Fahrstil&#8220; &#8211; mit dieser und andern Antworten geht der Leiter der Forschungsstelle Versicherungsmarkt, Prof. Horst M\u00fcller-Peters, auf die ihm von Spiegel-Online gestellten Fragen nach der g\u00fcnstigeren Versicherbarkeit von Elektroautos im Vergleich zu Verbrennern ein. Das gesamte Interview findet sich hier. &nbsp;<\/p>\n","protected":false},"author":1,"featured_media":2065,"comment_status":"closed","ping_status":"open","sticky":false,"template":"","format":"standard","meta":{"footnotes":""},"categories":[1,21],"tags":[68,80,96,97,99,172,173,175],"class_list":["post-2064","post","type-post","status-publish","format-standard","has-post-thumbnail","hentry","category-allgemein","category-marketing","tag-digitale-vernetzung","tag-forschung","tag-innovation","tag-interview","tag-ivwkoeln","tag-versicherung","tag-versicherungsmarkt","tag-versicherungswirtschaft"],"_links":{"self":[{"href":"https:\/\/ivwkoeln.web.th-koeln.de\/versicherungsmarkt\/wp-json\/wp\/v2\/posts\/2064","targetHints":{"allow":["GET"]}}],"collection":[{"href":"https:\/\/ivwkoeln.web.th-koeln.de\/versicherungsmarkt\/wp-json\/wp\/v2\/posts"}],"about":[{"href":"https:\/\/ivwkoeln.web.th-koeln.de\/versicherungsmarkt\/wp-json\/wp\/v2\/types\/post"}],"author":[{"embeddable":true,"href":"https:\/\/ivwkoeln.web.th-koeln.de\/versicherungsmarkt\/wp-json\/wp\/v2\/users\/1"}],"replies":[{"embeddable":true,"href":"https:\/\/ivwkoeln.web.th-koeln.de\/versicherungsmarkt\/wp-json\/wp\/v2\/comments?post=2064"}],"version-history":[{"count":1,"href":"https:\/\/ivwkoeln.web.th-koeln.de\/versicherungsmarkt\/wp-json\/wp\/v2\/posts\/2064\/revisions"}],"predecessor-version":[{"id":2527,"href":"https:\/\/ivwkoeln.web.th-koeln.de\/versicherungsmarkt\/wp-json\/wp\/v2\/posts\/2064\/revisions\/2527"}],"wp:featuredmedia":[{"embeddable":true,"href":"https:\/\/ivwkoeln.web.th-koeln.de\/versicherungsmarkt\/wp-json\/wp\/v2\/media\/2065"}],"wp:attachment":[{"href":"https:\/\/ivwkoeln.web.th-koeln.de\/versicherungsmarkt\/wp-json\/wp\/v2\/media?parent=2064"}],"wp:term":[{"taxonomy":"category","embeddable":true,"href":"https:\/\/ivwkoeln.web.th-koeln.de\/versicherungsmarkt\/wp-json\/wp\/v2\/categories?post=2064"},{"taxonomy":"post_tag","embeddable":true,"href":"https:\/\/ivwkoeln.web.th-koeln.de\/versicherungsmarkt\/wp-json\/wp\/v2\/tags?post=2064"}],"curies":[{"name":"wp","href":"https:\/\/api.w.org\/{rel}","templated":true}]}}