{"id":2024,"date":"2020-03-25T10:52:02","date_gmt":"2020-03-25T09:52:02","guid":{"rendered":"https:\/\/ivwkoeln.web.th-koeln.de\/versicherungsmarkt\/?p=2024"},"modified":"2021-03-31T08:32:50","modified_gmt":"2021-03-31T06:32:50","slug":"change-management-circle-der-forschungsstelle-versicherungsmarkt-fand-erneut-statt","status":"publish","type":"post","link":"https:\/\/ivwkoeln.web.th-koeln.de\/versicherungsmarkt\/2020\/03\/25\/change-management-circle-der-forschungsstelle-versicherungsmarkt-fand-erneut-statt\/","title":{"rendered":"&#8222;Change Management Circle\u201c der Forschungsstelle Versicherungsmarkt fand erneut statt"},"content":{"rendered":"<p>Der j\u00e4hrliche \u201eChange Management Circle\u201c der Forschungsstelle Versicherungsmarkt fand am 02.03.2020 in den R\u00e4umlichkeiten der Gothaer erneut unter der Initiative und F\u00fchrung von Frau Prof. Dr. Gabriele Zimmermann statt. Wie in der Vergangenheit kamen in diesem Rahmen Management-Experten diverser Versicherungsunternehmen zusammen, um sich \u00fcber aktuelle Ver\u00e4nderungsthematiken in der Versicherungsbranche auszutauschen. Auch dieses Jahr stand dabei das Thema der Umsetzung von Agilit\u00e4t in verschiedenen Bereichen im Vordergrund der Vortr\u00e4ge und Diskussionen.<\/p>\n<p>Als Gastgeber startete die Gothaer mit einem Vortrag, wie dort in Form von Piloten agiles Arbeiten in verschiedenen Sparten umgesetzt werden soll. H\u00f6hepunkt war die Besichtigung der R\u00e4umlichkeiten, in denen die agilen Teams arbeiten.<\/p>\n<p>Nach einer gemeinsamen Mittagspause folgte ein interessanter Einblick von Herrn Dr. Nolte in das Change Management der Roland Rechtsschutzversicherung. Wie auch bei der Gothaer, ist die Umsetzung der Agilit\u00e4tsoffensive beim Vorstandsvorsitzenden aufgeh\u00e4ngt, was die Bedeutung dieses Themas in den beiden H\u00e4usern zeigt. Die Roland Versicherung setzt dabei auf vielf\u00e4ltige kreative Formate, die dazu beitragen sollen, dass u.a. die abteilungs\u00fcbergreifende Zusammenarbeit und Innovation gef\u00f6rdert werden.<\/p>\n<p>Eine weitere Ma\u00dfnahme zur Umsetzung von Agilit\u00e4t in Versicherungsunternehmen sind Ma\u00dfnahmen die unter den Begriff \u201eNew way of work\u201c fallen\u201c. Dazu konnte die Zurich Versicherung erl\u00e4utern, welche Ma\u00dfnahmen es zum einen in den neuen Geb\u00e4uden in diesem Zusammenhang gibt. Noch interessanter war zu erfahren, wie die neuen Arbeitswelten von der Belegschaft angenommen werden.<\/p>\n<p>Allgemein herrschte ein reger Informationsaustausch zwischen allen Anwesenden. Insgesamt war der Change Circle eine erfolgreiche Veranstaltung und bot den Teilnehmern\/innen erneut\u00a0 die M\u00f6glichkeit, sich in kollegialer Atmosph\u00e4re \u00fcber die Erfahrungen bei der Umsetzung von Agilit\u00e4t auszutauschen.<\/p>\n<p><img loading=\"lazy\" decoding=\"async\" class=\"alignnone  wp-image-2026\" src=\"https:\/\/ivwkoeln.web.th-koeln.de\/versicherungsmarkt\/wp-content\/uploads\/sites\/4\/2020\/03\/Changecirel-2.jpg\" alt=\"\" width=\"332\" height=\"249\" srcset=\"https:\/\/ivwkoeln.web.th-koeln.de\/versicherungsmarkt\/wp-content\/uploads\/sites\/3\/2020\/03\/Changecirel-2.jpg 672w, https:\/\/ivwkoeln.web.th-koeln.de\/versicherungsmarkt\/wp-content\/uploads\/sites\/3\/2020\/03\/Changecirel-2-300x225.jpg 300w\" sizes=\"auto, (max-width: 332px) 100vw, 332px\" \/><\/p>\n","protected":false},"excerpt":{"rendered":"<p>Der j\u00e4hrliche \u201eChange Management Circle\u201c der Forschungsstelle Versicherungsmarkt fand am 02.03.2020 in den R\u00e4umlichkeiten der Gothaer erneut unter der Initiative und F\u00fchrung von Frau Prof. Dr. Gabriele Zimmermann statt. Wie in der Vergangenheit kamen in diesem Rahmen Management-Experten diverser Versicherungsunternehmen zusammen, um sich \u00fcber aktuelle Ver\u00e4nderungsthematiken in der Versicherungsbranche auszutauschen. Auch dieses Jahr stand dabei &#8230; <a title=\"&#8222;Change Management Circle\u201c der Forschungsstelle Versicherungsmarkt fand erneut statt\" class=\"read-more\" href=\"https:\/\/ivwkoeln.web.th-koeln.de\/versicherungsmarkt\/2020\/03\/25\/change-management-circle-der-forschungsstelle-versicherungsmarkt-fand-erneut-statt\/\" aria-label=\"Mehr Informationen \u00fcber &#8222;Change Management Circle\u201c der Forschungsstelle Versicherungsmarkt fand erneut statt\">Weiterlesen &#8230;<\/a><\/p>\n","protected":false},"author":1,"featured_media":2025,"comment_status":"closed","ping_status":"open","sticky":false,"template":"","format":"standard","meta":{"footnotes":""},"categories":[8,21],"tags":[56,57,58,83,99,172],"class_list":["post-2024","post","type-post","status-publish","format-standard","has-post-thumbnail","hentry","category-digitalisierung-innovation","category-marketing","tag-change","tag-change-management","tag-change-management-circle","tag-gabriele-zimmermann","tag-ivwkoeln","tag-versicherung"],"_links":{"self":[{"href":"https:\/\/ivwkoeln.web.th-koeln.de\/versicherungsmarkt\/wp-json\/wp\/v2\/posts\/2024","targetHints":{"allow":["GET"]}}],"collection":[{"href":"https:\/\/ivwkoeln.web.th-koeln.de\/versicherungsmarkt\/wp-json\/wp\/v2\/posts"}],"about":[{"href":"https:\/\/ivwkoeln.web.th-koeln.de\/versicherungsmarkt\/wp-json\/wp\/v2\/types\/post"}],"author":[{"embeddable":true,"href":"https:\/\/ivwkoeln.web.th-koeln.de\/versicherungsmarkt\/wp-json\/wp\/v2\/users\/1"}],"replies":[{"embeddable":true,"href":"https:\/\/ivwkoeln.web.th-koeln.de\/versicherungsmarkt\/wp-json\/wp\/v2\/comments?post=2024"}],"version-history":[{"count":1,"href":"https:\/\/ivwkoeln.web.th-koeln.de\/versicherungsmarkt\/wp-json\/wp\/v2\/posts\/2024\/revisions"}],"predecessor-version":[{"id":2534,"href":"https:\/\/ivwkoeln.web.th-koeln.de\/versicherungsmarkt\/wp-json\/wp\/v2\/posts\/2024\/revisions\/2534"}],"wp:featuredmedia":[{"embeddable":true,"href":"https:\/\/ivwkoeln.web.th-koeln.de\/versicherungsmarkt\/wp-json\/wp\/v2\/media\/2025"}],"wp:attachment":[{"href":"https:\/\/ivwkoeln.web.th-koeln.de\/versicherungsmarkt\/wp-json\/wp\/v2\/media?parent=2024"}],"wp:term":[{"taxonomy":"category","embeddable":true,"href":"https:\/\/ivwkoeln.web.th-koeln.de\/versicherungsmarkt\/wp-json\/wp\/v2\/categories?post=2024"},{"taxonomy":"post_tag","embeddable":true,"href":"https:\/\/ivwkoeln.web.th-koeln.de\/versicherungsmarkt\/wp-json\/wp\/v2\/tags?post=2024"}],"curies":[{"name":"wp","href":"https:\/\/api.w.org\/{rel}","templated":true}]}}